{"id":1053,"date":"2022-05-20T11:20:00","date_gmt":"2022-05-20T09:20:00","guid":{"rendered":"https:\/\/calroget.com\/?p=1053"},"modified":"2022-10-08T06:32:55","modified_gmt":"2022-10-08T04:32:55","slug":"cal-roget-fruits-inaugura-nuevas-instalaciones-en-massalcoreig","status":"publish","type":"post","link":"https:\/\/calroget.com\/ca\/cal-roget-fruits-inaugura-nuevas-instalaciones-en-massalcoreig\/","title":{"rendered":"Cal Roget Fruits inaugura nuevas instalaciones en Massalcoreig"},"content":{"rendered":"\n<figure class=\"wp-block-image size-full\"><a href=\"https:\/\/calroget.com\/wp-content\/uploads\/2022\/10\/Imagen1-scaled.jpg\"><img fetchpriority=\"high\" decoding=\"async\" width=\"2560\" height=\"2244\" src=\"https:\/\/calroget.com\/wp-content\/uploads\/2022\/10\/Imagen1-scaled.jpg\" alt=\"\" class=\"wp-image-1054\" srcset=\"https:\/\/calroget.com\/wp-content\/uploads\/2022\/10\/Imagen1-scaled.jpg 2560w, https:\/\/calroget.com\/wp-content\/uploads\/2022\/10\/Imagen1-768x673.jpg 768w, https:\/\/calroget.com\/wp-content\/uploads\/2022\/10\/Imagen1-1536x1346.jpg 1536w, https:\/\/calroget.com\/wp-content\/uploads\/2022\/10\/Imagen1-2048x1795.jpg 2048w\" sizes=\"(max-width: 2560px) 100vw, 2560px\" \/><\/a><\/figure>\n\n\n\n<p>Massalcoreig, municipio de la comarca del Segri\u00e0, se ha convertido en la nueva sede del <a href=\"https:\/\/calroget.com\/instalaciones\/#almacen\">almac\u00e9n<\/a> de Cal Roget Fruits. La empresa ha inaugurado sus nuevas instalaciones en esta localidad, que ser\u00e1 su hogar durante los pr\u00f3ximos a\u00f1os.<\/p>\n\n\n\n<p>Para adaptar el almac\u00e9n a la normativa actual, se ha llevado a cabo una serie de reformas como saneamiento de las instalaciones, construcci\u00f3n de una zona limpia, instalaci\u00f3n de placas solares, etc.<\/p>\n\n\n\n<figure class=\"wp-block-image size-full\"><a href=\"https:\/\/calroget.com\/wp-content\/uploads\/2022\/10\/Imagen2-scaled.jpg\"><img decoding=\"async\" width=\"2560\" height=\"1707\" src=\"https:\/\/calroget.com\/wp-content\/uploads\/2022\/10\/Imagen2-scaled.jpg\" alt=\"\" class=\"wp-image-1057\" srcset=\"https:\/\/calroget.com\/wp-content\/uploads\/2022\/10\/Imagen2-scaled.jpg 2560w, https:\/\/calroget.com\/wp-content\/uploads\/2022\/10\/Imagen2-768x512.jpg 768w, https:\/\/calroget.com\/wp-content\/uploads\/2022\/10\/Imagen2-1536x1024.jpg 1536w, https:\/\/calroget.com\/wp-content\/uploads\/2022\/10\/Imagen2-2048x1365.jpg 2048w\" sizes=\"(max-width: 2560px) 100vw, 2560px\" \/><\/a><\/figure>\n\n\n\n<p>Massalcoreig, municipio de la comarca del Segri\u00e0, se ha convertido en la nueva sede del <a href=\"https:\/\/calroget.com\/instalaciones\/#almacen\">almac\u00e9n<\/a> de Cal Roget Fruits. La empresa ha inaugurado sus nuevas instalaciones en esta localidad, que ser\u00e1 su hogar durante los pr\u00f3ximos a\u00f1os.<\/p>\n\n\n\n<p>Para adaptar el almac\u00e9n a la normativa actual, se ha llevado a cabo una serie de reformas como saneamiento de las instalaciones, construcci\u00f3n de una zona limpia, instalaci\u00f3n de placas solares, etc.<\/p>\n\n\n\n<figure class=\"wp-block-image size-full\"><a href=\"https:\/\/calroget.com\/wp-content\/uploads\/2022\/10\/Imagen3-scaled.jpg\"><img decoding=\"async\" width=\"2560\" height=\"1706\" src=\"https:\/\/calroget.com\/wp-content\/uploads\/2022\/10\/Imagen3-scaled.jpg\" alt=\"\" class=\"wp-image-1060\" srcset=\"https:\/\/calroget.com\/wp-content\/uploads\/2022\/10\/Imagen3-scaled.jpg 2560w, https:\/\/calroget.com\/wp-content\/uploads\/2022\/10\/Imagen3-768x512.jpg 768w, https:\/\/calroget.com\/wp-content\/uploads\/2022\/10\/Imagen3-1536x1024.jpg 1536w, https:\/\/calroget.com\/wp-content\/uploads\/2022\/10\/Imagen3-2048x1365.jpg 2048w\" sizes=\"(max-width: 2560px) 100vw, 2560px\" \/><\/a><\/figure>\n\n\n\n<p>Para inaugurar oficialmente el nuevo almac\u00e9n de Cal Roget Fruits, se organizaron unas jornadas de puertas abiertas para todo aquel que quisiera conocer nuestras instalaciones.<\/p>\n","protected":false},"excerpt":{"rendered":"<p>Massalcoreig, municipio de la comarca del Segri\u00e0, se ha convertido en la nueva sede del almac\u00e9n de Cal Roget Fruits. La empresa ha inaugurado sus nuevas instalaciones en esta localidad, que ser\u00e1 su hogar durante los pr\u00f3ximos a\u00f1os. Para adaptar el almac\u00e9n a la normativa actual, se ha llevado a cabo una serie de reformas [&hellip;]<\/p>\n","protected":false},"author":1,"featured_media":1054,"comment_status":"closed","ping_status":"closed","sticky":false,"template":"","format":"standard","meta":{"footnotes":""},"categories":[29],"tags":[],"class_list":["post-1053","post","type-post","status-publish","format-standard","has-post-thumbnail","hentry","category-prensa"],"_links":{"self":[{"href":"https:\/\/calroget.com\/ca\/wp-json\/wp\/v2\/posts\/1053","targetHints":{"allow":["GET"]}}],"collection":[{"href":"https:\/\/calroget.com\/ca\/wp-json\/wp\/v2\/posts"}],"about":[{"href":"https:\/\/calroget.com\/ca\/wp-json\/wp\/v2\/types\/post"}],"author":[{"embeddable":true,"href":"https:\/\/calroget.com\/ca\/wp-json\/wp\/v2\/users\/1"}],"replies":[{"embeddable":true,"href":"https:\/\/calroget.com\/ca\/wp-json\/wp\/v2\/comments?post=1053"}],"version-history":[{"count":1,"href":"https:\/\/calroget.com\/ca\/wp-json\/wp\/v2\/posts\/1053\/revisions"}],"predecessor-version":[{"id":1072,"href":"https:\/\/calroget.com\/ca\/wp-json\/wp\/v2\/posts\/1053\/revisions\/1072"}],"wp:featuredmedia":[{"embeddable":true,"href":"https:\/\/calroget.com\/ca\/wp-json\/wp\/v2\/media\/1054"}],"wp:attachment":[{"href":"https:\/\/calroget.com\/ca\/wp-json\/wp\/v2\/media?parent=1053"}],"wp:term":[{"taxonomy":"category","embeddable":true,"href":"https:\/\/calroget.com\/ca\/wp-json\/wp\/v2\/categories?post=1053"},{"taxonomy":"post_tag","embeddable":true,"href":"https:\/\/calroget.com\/ca\/wp-json\/wp\/v2\/tags?post=1053"}],"curies":[{"name":"wp","href":"https:\/\/api.w.org\/{rel}","templated":true}]}}